{"id":27270,"date":"2022-12-22T16:04:26","date_gmt":"2022-12-22T15:04:26","guid":{"rendered":"https:\/\/www.mobilize.com\/?p=27270"},"modified":"2024-08-21T12:50:56","modified_gmt":"2024-08-21T10:50:56","slug":"individual-mobility-a-change-of-gear","status":"publish","type":"post","link":"https:\/\/www.mobilize.com\/en\/wearemobilizers\/individual-mobility-a-change-of-gear\/","title":{"rendered":"individual mobility: a change of gear"},"content":{"rendered":"<section class=\"cp-share-social\">\n\t<div class=\"btn-open-social js-btn-open-social\">\n\t\t<svg class=\"icon-share\">\n\t\t\t<use xlink:href=\"#icon-share\"><\/use>\n\t\t<\/svg>\n\t\t<svg class=\"icon-close\">\n\t\t\t<use xlink:href=\"#icon-close\"><\/use>\n\t\t<\/svg>\n\t<\/div>\n\t<div class=\"hidden-links\">\n\t\t<a target=\"_blank\" class=\"share-button\" href=\"https:\/\/www.facebook.com\/sharer\/sharer.php?u=https:\/\/www.mobilize.com\/en\/wearemobilizers\/individual-mobility-a-change-of-gear\/\" onclick='window.dataLayer.push({\"eventCategory\": \"Click Social\",\"eventAction\": \"facebook\",\"event\": \"gaEvent\"})' title=\"Share on Facebook\">\n\t\t\t<svg class=\"icon icon-facebook\">\n\t\t\t\t<use xlink:href=\"#icon-facebook\"><\/use>\n\t\t\t<\/svg>\n\t\t<\/a>\n\t\t<a target=\"_blank\" class=\"share-button\" href=\"https:\/\/twitter.com\/share?url=https:\/\/www.mobilize.com\/en\/wearemobilizers\/individual-mobility-a-change-of-gear\/&#038;text=6 car apps to improving your mobility | Mobilize \" onclick='window.dataLayer.push({\"eventCategory\": \"Click Social\",\"eventAction\": \"twitter\",\"event\": \"gaEvent\"})' title=\"Tweet this\">\n\t\t\t<svg class=\"icon icon-twitter\">\n\t\t\t\t<use xlink:href=\"#icon-twitter\"><\/use>\n\t\t\t<\/svg>\n\t\t<\/a>\n\t\t<a target=\"_blank\" class=\"share-button\" href=\"https:\/\/www.linkedin.com\/shareArticle?mini=true&#038;url=https:\/\/www.mobilize.com\/en\/wearemobilizers\/individual-mobility-a-change-of-gear\/\" onclick='window.dataLayer.push({\"eventCategory\": \"Click Social\",\"eventAction\": \"linkedin\",\"event\": \"gaEvent\"})' title=\"Share on LinkedIn\">\n\t\t\t<svg class=\"icon icon-linkedin\">\n\t\t\t\t<use xlink:href=\"#icon-linkedin\"><\/use>\n\t\t\t<\/svg>\n\t\t<\/a>\n\t<\/div>\n<\/section>\n\n\n<div class=\"cp-breadcrumb teq-container\" id=\"breadcrumbs\"><span><span><a href=\"https:\/\/www.mobilize.com\/en\/\">home<\/a><\/span><\/span><\/div>\n\n\n\n<div class=\"cp-article-banner\">\n    <div class=\"teq-container\">\n        <div class=\"date\">REBOOT<\/div>\t\t\t\t\t<h1> <span style=\"color: #f84300;\">individual mobility<\/span>: a change of gear\n <\/h1>\n\t\t\t\t<div class=\"intro\"><p>The transport landscape has never been quite as dynamic as it is today. The vast range of transport solutions and mobility apps that are currently available now allow everyone to take the driving seat when embarking on a journey. Real-life Mario Kart game, anyone?! Car subscription services, on-demand rental, multimodal transport solutions, shared mobility&#8230; What matters most is no longer the type of transport we choose, but rather the effect our travel decisions have on easing traffic congestion and in turn reducing the associated greenhouse gas emissions. Keen to secure pole position in the race to travel more sustainably? Mobilize offers a range of solutions that are guaranteed to be right up your street! Time for a closer look.<\/p>\n<\/div>\n\t\t\n\t\t<div class=\"themes\">\t\n\t\t\t\t\t\t\t<ul>\n\t\t\t\t\t\t\t\t\t\t\t<li> brand vision <\/li>\n\t\t\t\t\t\t\t\t\t\t\t<li> shared mobility <\/li>\n\t\t\t\t\t\t\t\t\t\t\t<li> transport on demand <\/li>\n\t\t\t\t\t\t\t\t\t<\/ul>\n\t\t\t\t\t<\/div>\n\n\t\t\t\t\t<div class=\"illust\">\n\t\t\t\t\t\t\t\t\t<span class=\"icon-card-article\">\n\t\t\t\t\t\t\t<svg><use xlink:href=\"#icon-card-article\"><\/use><\/svg>\n\t\t\t\t\t\t<\/span>\n\t\t\t\t\t\t\t\t<picture>\n\t\t\t\t\t<source media=\"(max-width: 499px)\" srcset=\"https:\/\/www.mobilize.com\/app\/uploads\/2022\/12\/bandeau-mobile-mobilite-individuelle.jpg\">\n\n\t\t\t\t\t<source media=\"(min-width: 500px)\" srcset=\"https:\/\/www.mobilize.com\/app\/uploads\/2022\/12\/bandeau-mobilite-individuelle.jpg\">\n\n\t\t\t\t\t<img decoding=\"async\" src=\"https:\/\/www.mobilize.com\/app\/uploads\/2022\/12\/bandeau-mobilite-individuelle.jpg\" alt=\"\">\n\t\t\t\t<\/picture>\n\t\t\t<\/div>\n\t\t    <\/div>\n\t<\/div>\n\n\n\n<div class=\"cp-title-paragraph\">\n    <div class=\"teq-container -narrow\">\n\t\t\t\t\t<h2 class=\"title-introduction showUp\">\n\t\t\t\tZity by Mobilize: the any time, any place urban car-sharing service\t\t\t<\/h2>\n\t\t        <div class=\"paragraphe showUp\">\n\t\t\t            \t<p>Based on the \u2018free floating\u2019 principle, which allows vehicles to be dropped off and picked up anywhere at all, Zity gives drivers access to 1,300 all-electric self-service vehicles (Renault Zo\u00e9s and Dacia Springs) scattered around the streets of several major European cities, including Madrid, Paris, Lyon and Milan. Short-term car-sharing has never been so easy! Because Zity by Mobile is also an application to locate, book, unlock and return a vehicle, all with a simple tap of the screen.<\/p>\n\t\t\t        <\/div>\n    <\/div>\n<\/div>\n\n\n\n<div class=\"cp-title-paragraph\">\n    <div class=\"teq-container -narrow\">\n\t\t\t\t\t<h2 class=\"title-introduction showUp\">\n\t\t\t\tMobilize Share: the country-wide flexible car-sharing solution\t\t\t<\/h2>\n\t\t        <div class=\"paragraphe showUp\">\n\t\t\t            \t<p>Need a vehicle for 1 hour, 1 day or 1 month? Renting a vehicle that suits your ad hoc needs is easy with the Mobilize Share app. Car-share vehicles can be picked up from numerous designated locations that are part of the Renault Group network&#8230; meaning there\u2019s sure to be one somewhere nearby! This means that any trip can be managed without hassle-free!<\/p>\n\t\t\t        <\/div>\n    <\/div>\n<\/div>\n\n\n\n<div class=\"cp-title-paragraph\">\n    <div class=\"teq-container -narrow\">\n\t\t\t\t\t<h2 class=\"title-introduction showUp\">\n\t\t\t\tBipi: the \u201con-demand\u201d personal car rental service\t\t\t<\/h2>\n\t\t        <div class=\"paragraphe showUp\">\n\t\t\t            \t<p>Built around the principle of a platform that provides access to a vast range of vehicles, Bipi allows users to swap their car at will to suit their current needs and desires. The monthly subscription is all-inclusive, covering the rental charge, insurance, maintenance, assistance, etc. It can be easily managed and adjusted online as and when required. Offering a brand-new approach to the way cars are used, Bipi gives everyone easy access to the perfect individual mobility solution without having to buy a car.<\/p>\n\t\t\t        <\/div>\n    <\/div>\n<\/div>\n\n\n\n<div class=\"cp-title-paragraph\">\n    <div class=\"teq-container -narrow\">\n\t\t\t\t\t<h2 class=\"title-introduction showUp\">\n\t\t\t\tMobilize Fleet Monitoring: your corporate car fleet at a glance\t\t\t<\/h2>\n\t\t        <div class=\"paragraphe showUp\">\n\t\t\t            \t<p>The Mobilize Fleet Connect Iris Live service is a fully integrated car fleet management system that allows fleet managers to keep a watchful eye on their vehicles by giving them real-time remote access to all the data each vehicle has generated. It offers the perfect way of tracking each car\u2019s usage rate, calculating fuel consumption, and assessing the ageing of each fleet\u2026 enabling fleet managers to make better informed decisions.<\/p>\n\t\t\t        <\/div>\n    <\/div>\n<\/div>\n\n\n\n<div class=\"cp-title-paragraph\">\n    <div class=\"teq-container -narrow\">\n\t\t\t\t\t<h2 class=\"title-introduction showUp\">\n\t\t\t\tMobilize Duo and Bento: a new take on cars\t\t\t<\/h2>\n\t\t        <div class=\"paragraphe showUp\">\n\t\t\t            \t<p>Veritable urban micro-vehicles, the Duo and Bento provide a brand-new, all-electric and connected way to get from A to B. The Duo is a two-seater quadricycle that can nip around the city streets with ease. Both a car-sharing version and a no-licence version will be available when the solution is launched at the end of 2023. The Bento is the utility version that is due to hit the market in 2024. This particular model boasts a 700-litre box on the back, making it the perfect solution for last-mile deliveries. Constraint-free urban mobility at its best! Just like the Limo, the Duo and Bento will not be available for purchase: they will be marketed as a subscription package that includes a comprehensive range of services.<\/p>\n\t\t\t        <\/div>\n    <\/div>\n<\/div>\n\n\n\n<div class=\"cp-rebound-three-blocks\">\n\t<div class=\"teq-container\">\n\t\t\t\t\t<div class=\"intro-title-text\">\n\t\t\t\t\t\t\t\t\t<h2 class=\"h2-like title-intro showUp\">\n\t\t\t\t\t\tON THE SAME THEME\t\t\t\t\t<\/h2>\n\t\t\t\t\t\t\t<\/div>\n\t\t\t\t<div class=\"swiper-container js-rebound-slider\">\n\t\t\t<div class=\"flex-container swiper-wrapper animImgGroup\">\n\t\t\t\t    \t\t\t\t        \t\t\t\t<div class=\"swiper-slide item animImgDelay\">\n\t\t\t\t\t\t\t<div class=\"illust\">\n\t\t\t\t\t\t\t\t\t\t\t\t\t\t\t\t\t<span class=\"icon-card-article\">\n\t\t\t\t\t\t\t\t\t\t<svg><use xlink:href=\"#icon-card-article\"><\/use><\/svg>\n\t\t\t\t\t\t\t\t\t<\/span>\n\t\t\t\t\t\t\t\t\t\t\t\t\t\t\t\t\t\t\t\t\t\t\t\t\t<img decoding=\"async\" src=\"https:\/\/www.mobilize.com\/app\/uploads\/2022\/09\/connectivite-mobilite-consommation.png\" alt=\"\"\/>\n\t\t\t\t\t\t\t\t\t\t\t\t\t\t\t<\/div>\n\t\t\t\t\t\t\t<div class=\"card-content-wrapper\">\n\t\t\t\t\t\t\t\t\t\t\t\t\t\t\t\t\t<h3 class=\"card-title \">connectivity working to support low-carbon mobility<\/h3>\n\t\t\t\t\t\t\t\t\t\t\t\t\t\t\t\t\t\t\t\t\t\t\t\t\t<div class=\"card-text \">\n                                    \tTo promote carbon neutrality, Mobilize is putting data at the service of mobility and energy. Digital is at the core of everyday apps and platforms.                                \t<\/div>\n\t\t\t\t\t\t\t\t\t\t\t\t\t\t\t<\/div>\n\t\t\t\t\t\t\t\t\t\t\t\t\t\t\t<a class=\"stretched-link\" href=\"https:\/\/www.mobilize.com\/en\/wearemobilizers\/connectivity-working-to-support-low-carbon-mobility-and-energy-consumption-mobilize-at-your-service\/\" target=\"\"><\/a>\n\t\t\t\t\t\t\t\t\t\t\t\t\t\t<div class=\"overview\"><\/div>\n\t\t\t\t\t\t<\/div>\n\t\t\t\t\t        \t\t\t\t<div class=\"swiper-slide item animImgDelay\">\n\t\t\t\t\t\t\t<div class=\"illust\">\n\t\t\t\t\t\t\t\t\t\t\t\t\t\t\t\t\t<span class=\"icon-card-podcast\">\n\t\t\t\t\t\t\t\t\t\t<svg><use xlink:href=\"#icon-card-podcast\"><\/use><\/svg>\n\t\t\t\t\t\t\t\t\t<\/span>\n\t\t\t\t\t\t\t\t\t\t\t\t\t\t\t\t\t\t\t\t\t\t\t\t\t<img decoding=\"async\" src=\"https:\/\/www.mobilize.com\/app\/uploads\/2022\/10\/podcast-cover2.jpg\" alt=\"\"\/>\n\t\t\t\t\t\t\t\t\t\t\t\t\t\t\t<\/div>\n\t\t\t\t\t\t\t<div class=\"card-content-wrapper\">\n\t\t\t\t\t\t\t\t\t\t\t\t\t\t\t\t\t<h3 class=\"card-title \">a new car-free generation?<\/h3>\n\t\t\t\t\t\t\t\t\t\t\t\t\t\t\t\t\t\t\t\t\t\t\t\t\t<div class=\"card-text \">\n                                    \tThe younger generation wants to live without a car, but without staying put\u2026 So how can the automotive sector meet their expectations? Can the many smartphone mobility applications be enough to meet their travel needs?                                \t<\/div>\n\t\t\t\t\t\t\t\t\t\t\t\t\t\t\t<\/div>\n\t\t\t\t\t\t\t\t\t\t\t\t\t\t\t<a class=\"stretched-link\" href=\"https:\/\/www.mobilize.com\/en\/wearemobilizers\/youth-and-mobility-the-new-deal\/\" target=\"\"><\/a>\n\t\t\t\t\t\t\t\t\t\t\t\t\t\t<div class=\"overview\"><\/div>\n\t\t\t\t\t\t<\/div>\n\t\t\t\t\t        \t\t\t\t<div class=\"swiper-slide item animImgDelay\">\n\t\t\t\t\t\t\t<div class=\"illust\">\n\t\t\t\t\t\t\t\t\t\t\t\t\t\t\t\t\t<span class=\"icon-card-article\">\n\t\t\t\t\t\t\t\t\t\t<svg><use xlink:href=\"#icon-card-article\"><\/use><\/svg>\n\t\t\t\t\t\t\t\t\t<\/span>\n\t\t\t\t\t\t\t\t\t\t\t\t\t\t\t\t\t\t\t\t\t\t\t\t\t<img decoding=\"async\" src=\"https:\/\/www.mobilize.com\/app\/uploads\/2022\/10\/banner-mobile-ecomobilites-trajets.jpg\" alt=\"\"\/>\n\t\t\t\t\t\t\t\t\t\t\t\t\t\t\t<\/div>\n\t\t\t\t\t\t\t<div class=\"card-content-wrapper\">\n\t\t\t\t\t\t\t\t\t\t\t\t\t\t\t\t\t<h3 class=\"card-title \">ecomobility reinvents travel<\/h3>\n\t\t\t\t\t\t\t\t\t\t\t\t\t\t\t\t\t\t\t\t\t\t\t\t\t<div class=\"card-text \">\n                                    \tEcomobility touches on all mobility issues and lifestyles in this era of transition to clean energy.                                \t<\/div>\n\t\t\t\t\t\t\t\t\t\t\t\t\t\t\t<\/div>\n\t\t\t\t\t\t\t\t\t\t\t\t\t\t\t<a class=\"stretched-link\" href=\"https:\/\/www.mobilize.com\/en\/wearemobilizers\/ecomobility-reinvents-travel\/\" target=\"\"><\/a>\n\t\t\t\t\t\t\t\t\t\t\t\t\t\t<div class=\"overview\"><\/div>\n\t\t\t\t\t\t<\/div>\n\t\t\t\t\t\t\t\t<\/div>\n\t\t\t<div class=\"nav-container\">\n\t\t\t\t<div class=\"swiper-pagination\"><\/div>\n\t\t\t<\/div>\n\t\t<\/div>\n\t<\/div>\n<\/div>\n<\/div>\n","protected":false},"excerpt":{"rendered":"<p>The transport landscape has never been quite as dynamic as it is today.<\/p>\n","protected":false},"author":14,"featured_media":27254,"parent":14971,"comment_status":"closed","ping_status":"closed","sticky":false,"template":"","format":"standard","meta":{"_acf_changed":false,"footnotes":""},"categories":[59,53,54],"tags":[],"acf":[],"yoast_head":"<!-- This site is optimized with the Yoast SEO plugin v22.2 - https:\/\/yoast.com\/wordpress\/plugins\/seo\/ -->\n<title>6 car apps to improving your mobility | Mobilize<\/title>\n<meta name=\"description\" content=\"Car sharing, carbon footprint, rental for professionnal or private, Mobilize introduce you to 6 car apps to make your mobility easier.\" \/>\n<meta name=\"robots\" content=\"index, follow, max-snippet:-1, max-image-preview:large, max-video-preview:-1\" \/>\n<link rel=\"canonical\" href=\"https:\/\/www.mobilize.com\/en\/wearemobilizers\/individual-mobility-a-change-of-gear\/\" \/>\n<meta property=\"og:locale\" content=\"en_US\" \/>\n<meta property=\"og:type\" content=\"article\" \/>\n<meta property=\"og:title\" content=\"6 car apps to improving your mobility | Mobilize\" \/>\n<meta property=\"og:description\" content=\"Car sharing, carbon footprint, rental for professionnal or private, Mobilize introduce you to 6 car apps to make your mobility easier.\" \/>\n<meta property=\"og:url\" content=\"https:\/\/www.mobilize.com\/en\/wearemobilizers\/individual-mobility-a-change-of-gear\/\" \/>\n<meta property=\"og:site_name\" content=\"Mobilize\" \/>\n<meta property=\"article:published_time\" content=\"2022-12-22T15:04:26+00:00\" \/>\n<meta property=\"article:modified_time\" content=\"2024-08-21T10:50:56+00:00\" \/>\n<meta property=\"og:image\" content=\"https:\/\/www.mobilize.com\/app\/uploads\/2022\/12\/bandeau-mobilite-individuelle.jpg\" \/>\n\t<meta property=\"og:image:width\" content=\"2000\" \/>\n\t<meta property=\"og:image:height\" content=\"1004\" \/>\n\t<meta property=\"og:image:type\" content=\"image\/jpeg\" \/>\n<meta name=\"author\" content=\"S\u00e9bastien Besan\u00e7on\" \/>\n<meta name=\"twitter:card\" content=\"summary_large_image\" \/>\n<meta name=\"twitter:label1\" content=\"Written by\" \/>\n\t<meta name=\"twitter:data1\" content=\"S\u00e9bastien Besan\u00e7on\" \/>\n<script type=\"application\/ld+json\" class=\"yoast-schema-graph\">{\"@context\":\"https:\/\/schema.org\",\"@graph\":[{\"@type\":\"WebPage\",\"@id\":\"https:\/\/www.mobilize.com\/en\/wearemobilizers\/individual-mobility-a-change-of-gear\/\",\"url\":\"https:\/\/www.mobilize.com\/en\/wearemobilizers\/individual-mobility-a-change-of-gear\/\",\"name\":\"6 car apps to improving your mobility | Mobilize\",\"isPartOf\":{\"@id\":\"https:\/\/www.mobilize.com\/en\/#website\"},\"primaryImageOfPage\":{\"@id\":\"https:\/\/www.mobilize.com\/en\/wearemobilizers\/individual-mobility-a-change-of-gear\/#primaryimage\"},\"image\":{\"@id\":\"https:\/\/www.mobilize.com\/en\/wearemobilizers\/individual-mobility-a-change-of-gear\/#primaryimage\"},\"thumbnailUrl\":\"https:\/\/www.mobilize.com\/app\/uploads\/2022\/12\/bandeau-mobilite-individuelle.jpg\",\"datePublished\":\"2022-12-22T15:04:26+00:00\",\"dateModified\":\"2024-08-21T10:50:56+00:00\",\"author\":{\"@id\":\"https:\/\/www.mobilize.com\/en\/#\/schema\/person\/a93605b60864cbcd69daeda0ee4ab8ab\"},\"description\":\"Car sharing, carbon footprint, rental for professionnal or private, Mobilize introduce you to 6 car apps to make your mobility easier.\",\"breadcrumb\":{\"@id\":\"https:\/\/www.mobilize.com\/en\/wearemobilizers\/individual-mobility-a-change-of-gear\/#breadcrumb\"},\"inLanguage\":\"en-US\",\"potentialAction\":[{\"@type\":\"ReadAction\",\"target\":[\"https:\/\/www.mobilize.com\/en\/wearemobilizers\/individual-mobility-a-change-of-gear\/\"]}]},{\"@type\":\"ImageObject\",\"inLanguage\":\"en-US\",\"@id\":\"https:\/\/www.mobilize.com\/en\/wearemobilizers\/individual-mobility-a-change-of-gear\/#primaryimage\",\"url\":\"https:\/\/www.mobilize.com\/app\/uploads\/2022\/12\/bandeau-mobilite-individuelle.jpg\",\"contentUrl\":\"https:\/\/www.mobilize.com\/app\/uploads\/2022\/12\/bandeau-mobilite-individuelle.jpg\",\"width\":2000,\"height\":1004,\"caption\":\"mobilit\u00e9 individuelle mobilize\"},{\"@type\":\"BreadcrumbList\",\"@id\":\"https:\/\/www.mobilize.com\/en\/wearemobilizers\/individual-mobility-a-change-of-gear\/#breadcrumb\",\"itemListElement\":[{\"@type\":\"ListItem\",\"position\":1,\"name\":\"home\",\"item\":\"https:\/\/www.mobilize.com\/en\/\"},{\"@type\":\"ListItem\",\"position\":2,\"name\":\"#wearemobilizers\",\"item\":\"https:\/\/www.mobilize.com\/en\/wearemobilizers\/\"},{\"@type\":\"ListItem\",\"position\":3,\"name\":\"individual mobility: a change of gear\"}]},{\"@type\":\"WebSite\",\"@id\":\"https:\/\/www.mobilize.com\/en\/#website\",\"url\":\"https:\/\/www.mobilize.com\/en\/\",\"name\":\"Mobilize\",\"description\":\"beyond automotive\",\"potentialAction\":[{\"@type\":\"SearchAction\",\"target\":{\"@type\":\"EntryPoint\",\"urlTemplate\":\"https:\/\/www.mobilize.com\/en\/?s={search_term_string}\"},\"query-input\":\"required name=search_term_string\"}],\"inLanguage\":\"en-US\"},{\"@type\":\"Person\",\"@id\":\"https:\/\/www.mobilize.com\/en\/#\/schema\/person\/a93605b60864cbcd69daeda0ee4ab8ab\",\"name\":\"S\u00e9bastien Besan\u00e7on\",\"url\":\"https:\/\/www.mobilize.com\/en\/author\/sebastien\/\"}]}<\/script>\n<!-- \/ Yoast SEO plugin. -->","yoast_head_json":{"title":"6 car apps to improving your mobility | Mobilize","description":"Car sharing, carbon footprint, rental for professionnal or private, Mobilize introduce you to 6 car apps to make your mobility easier.","robots":{"index":"index","follow":"follow","max-snippet":"max-snippet:-1","max-image-preview":"max-image-preview:large","max-video-preview":"max-video-preview:-1"},"canonical":"https:\/\/www.mobilize.com\/en\/wearemobilizers\/individual-mobility-a-change-of-gear\/","og_locale":"en_US","og_type":"article","og_title":"6 car apps to improving your mobility | Mobilize","og_description":"Car sharing, carbon footprint, rental for professionnal or private, Mobilize introduce you to 6 car apps to make your mobility easier.","og_url":"https:\/\/www.mobilize.com\/en\/wearemobilizers\/individual-mobility-a-change-of-gear\/","og_site_name":"Mobilize","article_published_time":"2022-12-22T15:04:26+00:00","article_modified_time":"2024-08-21T10:50:56+00:00","og_image":[{"width":2000,"height":1004,"url":"https:\/\/www.mobilize.com\/app\/uploads\/2022\/12\/bandeau-mobilite-individuelle.jpg","type":"image\/jpeg"}],"author":"S\u00e9bastien Besan\u00e7on","twitter_card":"summary_large_image","twitter_misc":{"Written by":"S\u00e9bastien Besan\u00e7on"},"schema":{"@context":"https:\/\/schema.org","@graph":[{"@type":"WebPage","@id":"https:\/\/www.mobilize.com\/en\/wearemobilizers\/individual-mobility-a-change-of-gear\/","url":"https:\/\/www.mobilize.com\/en\/wearemobilizers\/individual-mobility-a-change-of-gear\/","name":"6 car apps to improving your mobility | Mobilize","isPartOf":{"@id":"https:\/\/www.mobilize.com\/en\/#website"},"primaryImageOfPage":{"@id":"https:\/\/www.mobilize.com\/en\/wearemobilizers\/individual-mobility-a-change-of-gear\/#primaryimage"},"image":{"@id":"https:\/\/www.mobilize.com\/en\/wearemobilizers\/individual-mobility-a-change-of-gear\/#primaryimage"},"thumbnailUrl":"https:\/\/www.mobilize.com\/app\/uploads\/2022\/12\/bandeau-mobilite-individuelle.jpg","datePublished":"2022-12-22T15:04:26+00:00","dateModified":"2024-08-21T10:50:56+00:00","author":{"@id":"https:\/\/www.mobilize.com\/en\/#\/schema\/person\/a93605b60864cbcd69daeda0ee4ab8ab"},"description":"Car sharing, carbon footprint, rental for professionnal or private, Mobilize introduce you to 6 car apps to make your mobility easier.","breadcrumb":{"@id":"https:\/\/www.mobilize.com\/en\/wearemobilizers\/individual-mobility-a-change-of-gear\/#breadcrumb"},"inLanguage":"en-US","potentialAction":[{"@type":"ReadAction","target":["https:\/\/www.mobilize.com\/en\/wearemobilizers\/individual-mobility-a-change-of-gear\/"]}]},{"@type":"ImageObject","inLanguage":"en-US","@id":"https:\/\/www.mobilize.com\/en\/wearemobilizers\/individual-mobility-a-change-of-gear\/#primaryimage","url":"https:\/\/www.mobilize.com\/app\/uploads\/2022\/12\/bandeau-mobilite-individuelle.jpg","contentUrl":"https:\/\/www.mobilize.com\/app\/uploads\/2022\/12\/bandeau-mobilite-individuelle.jpg","width":2000,"height":1004,"caption":"mobilit\u00e9 individuelle mobilize"},{"@type":"BreadcrumbList","@id":"https:\/\/www.mobilize.com\/en\/wearemobilizers\/individual-mobility-a-change-of-gear\/#breadcrumb","itemListElement":[{"@type":"ListItem","position":1,"name":"home","item":"https:\/\/www.mobilize.com\/en\/"},{"@type":"ListItem","position":2,"name":"#wearemobilizers","item":"https:\/\/www.mobilize.com\/en\/wearemobilizers\/"},{"@type":"ListItem","position":3,"name":"individual mobility: a change of gear"}]},{"@type":"WebSite","@id":"https:\/\/www.mobilize.com\/en\/#website","url":"https:\/\/www.mobilize.com\/en\/","name":"Mobilize","description":"beyond automotive","potentialAction":[{"@type":"SearchAction","target":{"@type":"EntryPoint","urlTemplate":"https:\/\/www.mobilize.com\/en\/?s={search_term_string}"},"query-input":"required name=search_term_string"}],"inLanguage":"en-US"},{"@type":"Person","@id":"https:\/\/www.mobilize.com\/en\/#\/schema\/person\/a93605b60864cbcd69daeda0ee4ab8ab","name":"S\u00e9bastien Besan\u00e7on","url":"https:\/\/www.mobilize.com\/en\/author\/sebastien\/"}]}},"_links":{"self":[{"href":"https:\/\/www.mobilize.com\/en\/wp-json\/wp\/v2\/posts\/27270"}],"collection":[{"href":"https:\/\/www.mobilize.com\/en\/wp-json\/wp\/v2\/posts"}],"about":[{"href":"https:\/\/www.mobilize.com\/en\/wp-json\/wp\/v2\/types\/post"}],"author":[{"embeddable":true,"href":"https:\/\/www.mobilize.com\/en\/wp-json\/wp\/v2\/users\/14"}],"replies":[{"embeddable":true,"href":"https:\/\/www.mobilize.com\/en\/wp-json\/wp\/v2\/comments?post=27270"}],"version-history":[{"count":9,"href":"https:\/\/www.mobilize.com\/en\/wp-json\/wp\/v2\/posts\/27270\/revisions"}],"predecessor-version":[{"id":34655,"href":"https:\/\/www.mobilize.com\/en\/wp-json\/wp\/v2\/posts\/27270\/revisions\/34655"}],"up":[{"embeddable":true,"href":"https:\/\/www.mobilize.com\/en\/wp-json\/wp\/v2\/pages\/14971"}],"wp:featuredmedia":[{"embeddable":true,"href":"https:\/\/www.mobilize.com\/en\/wp-json\/wp\/v2\/media\/27254"}],"wp:attachment":[{"href":"https:\/\/www.mobilize.com\/en\/wp-json\/wp\/v2\/media?parent=27270"}],"wp:term":[{"taxonomy":"category","embeddable":true,"href":"https:\/\/www.mobilize.com\/en\/wp-json\/wp\/v2\/categories?post=27270"},{"taxonomy":"post_tag","embeddable":true,"href":"https:\/\/www.mobilize.com\/en\/wp-json\/wp\/v2\/tags?post=27270"}],"curies":[{"name":"wp","href":"https:\/\/api.w.org\/{rel}","templated":true}]}}