{"id":29348,"date":"2023-07-03T11:21:44","date_gmt":"2023-07-03T09:21:44","guid":{"rendered":"https:\/\/www.mobilize.com\/?p=29348"},"modified":"2025-01-06T09:27:41","modified_gmt":"2025-01-06T08:27:41","slug":"electric-vehicle-charging-stations-where-and-when-to-charge-your-car","status":"publish","type":"post","link":"https:\/\/www.mobilize.com\/en\/wearemobilizers\/electric-vehicle-charging-stations-where-and-when-to-charge-your-car\/","title":{"rendered":"electric vehicle charging stations: where and when to charge your car?"},"content":{"rendered":"<section class=\"cp-share-social\">\n\t<div class=\"btn-open-social js-btn-open-social\">\n\t\t<svg class=\"icon-share\">\n\t\t\t<use xlink:href=\"#icon-share\"><\/use>\n\t\t<\/svg>\n\t\t<svg class=\"icon-close\">\n\t\t\t<use xlink:href=\"#icon-close\"><\/use>\n\t\t<\/svg>\n\t<\/div>\n\t<div class=\"hidden-links\">\n\t\t<a target=\"_blank\" class=\"share-button\" href=\"https:\/\/www.facebook.com\/sharer\/sharer.php?u=https:\/\/www.mobilize.com\/en\/wearemobilizers\/electric-vehicle-charging-stations-where-and-when-to-charge-your-car\/\" onclick='window.dataLayer.push({\"eventCategory\": \"Click Social\",\"eventAction\": \"facebook\",\"event\": \"gaEvent\"})' title=\"Share on Facebook\">\n\t\t\t<svg class=\"icon icon-facebook\">\n\t\t\t\t<use xlink:href=\"#icon-facebook\"><\/use>\n\t\t\t<\/svg>\n\t\t<\/a>\n\t\t<a target=\"_blank\" class=\"share-button\" href=\"https:\/\/twitter.com\/share?url=https:\/\/www.mobilize.com\/en\/wearemobilizers\/electric-vehicle-charging-stations-where-and-when-to-charge-your-car\/&#038;text=Vehicle charging stations: where to charge your electric car? - Mobilize \" onclick='window.dataLayer.push({\"eventCategory\": \"Click Social\",\"eventAction\": \"twitter\",\"event\": \"gaEvent\"})' title=\"Tweet this\">\n\t\t\t<svg class=\"icon icon-twitter\">\n\t\t\t\t<use xlink:href=\"#icon-twitter\"><\/use>\n\t\t\t<\/svg>\n\t\t<\/a>\n\t\t<a target=\"_blank\" class=\"share-button\" href=\"https:\/\/www.linkedin.com\/shareArticle?mini=true&#038;url=https:\/\/www.mobilize.com\/en\/wearemobilizers\/electric-vehicle-charging-stations-where-and-when-to-charge-your-car\/\" onclick='window.dataLayer.push({\"eventCategory\": \"Click Social\",\"eventAction\": \"linkedin\",\"event\": \"gaEvent\"})' title=\"Share on LinkedIn\">\n\t\t\t<svg class=\"icon icon-linkedin\">\n\t\t\t\t<use xlink:href=\"#icon-linkedin\"><\/use>\n\t\t\t<\/svg>\n\t\t<\/a>\n\t<\/div>\n<\/section>\n\n\n<div class=\"cp-breadcrumb teq-container\" id=\"breadcrumbs\"><span><span><a href=\"https:\/\/www.mobilize.com\/en\/\">home<\/a><\/span><\/span><\/div>\n\n\n\n<div class=\"cp-article-banner\">\n    <div class=\"teq-container\">\n        <div class=\"date\">GUIDEBOOK<\/div>\t\t\t\t\t<h1> electric vehicle charging stations: where and when to <span style=\"color: #f84300;\">charge your car?<\/span>\n <\/h1>\n\t\t\t\t<div class=\"intro\"><p>Service stations are part of the familiar landscape for filling up a combustion-powered car, particularly in suburban areas. Their architecture, signage and layout make them easy to spot and accessible to all motorists. But what about filling up an electric or rechargeable hybrid car? The solutions are both more diverse and less visible. Electric charging points have as many characteristics as they have types of location, and therefore types of use&#8230; Follow the guide.<\/p>\n<\/div>\n\t\t\n\t\t<div class=\"themes\">\t\n\t\t\t\t\t\t\t<ul>\n\t\t\t\t\t\t\t\t\t\t\t<li> electric vehicle <\/li>\n\t\t\t\t\t\t\t\t\t<\/ul>\n\t\t\t\t\t<\/div>\n\n\t\t\t\t\t<div class=\"illust\">\n\t\t\t\t\t\t\t\t\t<span class=\"icon-card-article\">\n\t\t\t\t\t\t\t<svg><use xlink:href=\"#icon-card-article\"><\/use><\/svg>\n\t\t\t\t\t\t<\/span>\n\t\t\t\t\t\t\t\t<picture>\n\t\t\t\t\t<source media=\"(max-width: 499px)\" srcset=\"https:\/\/www.mobilize.com\/app\/uploads\/2023\/06\/banner-mobile-bornes-recharge.jpg\">\n\n\t\t\t\t\t<source media=\"(min-width: 500px)\" srcset=\"https:\/\/www.mobilize.com\/app\/uploads\/2023\/07\/banner-borne-de-recharge.jpg\">\n\n\t\t\t\t\t<img decoding=\"async\" src=\"https:\/\/www.mobilize.com\/app\/uploads\/2023\/07\/banner-borne-de-recharge.jpg\" alt=\"\">\n\t\t\t\t<\/picture>\n\t\t\t<\/div>\n\t\t    <\/div>\n\t<\/div>\n\n\n<div class=\"cp-titles-para-list-style\">\n\t<div class=\"teq-container -narrow\">\n\n\t\t\t\t\t\n\t\t\t\t\t<div class=\"list\">\n\t\t\t\t\t\t\t\t\t<div class=\"item showUp\">\n\t\t\t\t\t\t<h3 class=\"title-li\">1) <strong>fast lane recharging stations: taking a break along the way<\/strong><\/h3>\n\t\t\t\t\t\t<div class=\"brand-wysiwyg content\">\n\t\t\t\t\t\t\t<p>When they are installed on fast lanes, such as motorways or trunk roads, charging stations offer high power, of at least 43 kW, suitable for a short break. The <a href=\"https:\/\/www.mobilize.com\/en\/wearemobilizers\/mobilize-fast-charge-soon-200-charging-stations-for-electrified-vehicles-in-europe\/\">Mobilize Fast Charge<\/a> ultra-fast charging network will soon be offering 200\u00a0new stations across Europe, so there&#8217;s <a href=\"https:\/\/www.mobilize.com\/en\/wearemobilizers\/electric-car-range-anxiety\/\">no need to worry<\/a> about running out of power! <strong>Fast-charging stations can charge electric cars in less than thirty minutes<\/strong>, enough time to go from almost empty to almost full. That&#8217;s enough time for the driver, too, to recharge personal batteries before getting back on the road. Note that the cost of electricity delivered in this way is higher than that of a slower recharge, because the price per kW\/h is closely linked to the power of the current.<\/p>\n<p>Fast-charging infrastructures generally deliver direct current (DC), and electric vehicles designed for road use are equipped with DC chargers. For example, thanks to <strong>the high recharging power provided by their DC chargers<\/strong>, Renault E-TECH Electric, Megane and Zoe can be recharged as part of a natural journey. Whether you&#8217;re going on holiday or on a long business trip, long road journeys are punctuated by breaks that allow you to rest and have something to eat. On the motorway, fast charging of the Megane or Zoe E-TECH Electric makes the most of these stops to recover, in just a few minutes, enough range to reach the next stage or the final destination.<\/p>\n\t\t\t\t\t\t<\/div>\n\t\t\t\t\t<\/div>\n\t\t\t\t\t\t\t\t\t<div class=\"item showUp\">\n\t\t\t\t\t\t<h3 class=\"title-li\">2) <strong>electric charging points in shopping centres: charging your car in hidden time<\/strong><\/h3>\n\t\t\t\t\t\t<div class=\"brand-wysiwyg content\">\n\t\t\t\t\t\t\t<p>Why not fill up your electric car at the same time as your shopping? It&#8217;s all the more appealing because the charging points in the car parks of supermarkets and shopping centres are cheap or even free to use. For many retail chains, <strong>recharging electric cars is shaping up to be the &#8220;new wifi&#8221;<\/strong>, in other words, an essential service for their customers on a daily basis.<\/p>\n<p>Retailers are already meeting this demand, or preparing to meet it, in a variety of ways: with conventional alternating current (AC) charging points, generally between 7 and 22 kW, and with fast direct current (DC) charging points, capable of releasing power in excess of 50 kW. The more powerful the charging point, the faster the recharging rate for the motorist, but the more expensive it is for the retailer to set up. <strong>The power for each chargepoint is therefore tailored to the average parking time <\/strong>at the site. By way of example, the Renault Megane E-TECH Electric recovers up to 160 kilometres of city driving in an hour&#8217;s charge on a 22 kW AC public charging point, while the Dacia Spring needs less than an hour to recharge to 80% on a 30 kW DC charging point.<\/p>\n\t\t\t\t\t\t<\/div>\n\t\t\t\t\t<\/div>\n\t\t\t\t\t\t\t\t\t<div class=\"item showUp\">\n\t\t\t\t\t\t<h3 class=\"title-li\">3) <strong>on-street charging points for electric cars: recover range with every parking space<\/strong><\/h3>\n\t\t\t\t\t\t<div class=\"brand-wysiwyg content\">\n\t\t\t\t\t\t\t<p>The figure of 800,000 <a href=\"https:\/\/www.mobilize.com\/en\/wearemobilizers\/electric-charging-a-new-version-of-the-game-of-1000-miles\/\">public access charging points<\/a> in Europe is impressive but conceal many geographical disparities. By expanding on-street charging networks, local authorities are playing an important role in the development of low-carbon mobility. Deploying these public infrastructures makes it easier for users of electric or hybrid vehicles to recharge their cars, especially city dwellers who have neither their own parking space nor &#8211; a fortiori &#8211; their own recharging solution. <strong>City centres offer opportunities for recharging on the street or in car parks<\/strong>, often with free parking. So you can use a meal in a restaurant or a shopping break to recharge the battery in your electric car. And for the future, <a href=\"https:\/\/www.mobilize.com\/en\/wearemobilizers\/mobilize-ileo-oncept\/\">Mobilize Il\u00e9o Concept<\/a> is proposing an urban layout where you can recharge your vehicle while sitting out of the weather or in a heatwave.<\/p>\n<p>The charging points for electric vehicles found on the public highway deliver alternating current (AC) with a power ranging from 7 to 22 kW. The Twingo E-TECH Electric simply takes a half-hour break connected to a 22\u00a0kW station to regain around 80 kilometres of range, and the Zoe E-TECH Electric recovers up to 125\u00a0kilometres of range in 2 hours of charging at an 11 kW station, for mixed journeys.<\/p>\n\t\t\t\t\t\t<\/div>\n\t\t\t\t\t<\/div>\n\t\t\t\t\t\t\t\t\t<div class=\"item showUp\">\n\t\t\t\t\t\t<h3 class=\"title-li\">4) <strong>reinforced socket or wallbox: benefit from a home charging station<\/strong><\/h3>\n\t\t\t\t\t\t<div class=\"brand-wysiwyg content\">\n\t\t\t\t\t\t\t<p>What could be nicer than not having to make a diversion to the service station or queue to fill up? <strong>With electric mobility, every private place can potentially be transformed into a &#8220;petrol station&#8221;<\/strong>, whether it&#8217;s the house where you live, the company building where you work or, why not, your grandparents&#8217; house, where you spend the day. While plugging your car into a conventional power socket is not advisable, it&#8217;s easy to install a reinforced 3.2 kW socket, or even a wall-mounted charging point, also known as a &#8220;wallbox&#8221;, capable of delivering power ranging from 3.7 to 22 kW in alternating current (AC). <a href=\"https:\/\/www.mobilize.com\/en\/wearemobilizers\/5-tips-for-charging-an-electric-vehicle-more-easily\/\">Mobilize Power Solutions<\/a>&#8216; services support both private individuals and professionals in the design, installation and maintenance of their own recharging solution.<\/p>\n<p>The vast majority of electric car recharging is carried out at home, in private homes or shared ownership, with <strong>full recharging often taking place overnight<\/strong>. For a Dacia Spring, for example, it takes less than nine hours to charge from 0 to 100% on a 3.7\u00a0kW wallbox, and less than fourteen hours on a 2.3\u00a0kW domestic socket. The Renault Megane E-TECH Electric, meanwhile, recovers up to 400\u00a0kilometres in mixed driving in eight hours on a 7.4 kW wallbox. As well as the obvious convenience of this charging method, it&#8217;s also <strong>a particularly economical way of filling up<\/strong>. When you&#8217;ve got all night ahead of you, you can make do with a slow charge, i.e. low power&#8230; at a low cost! What&#8217;s more, home charging can be easily programmed to start when the electricity rate is at its lowest, if your contract includes off-peak hours. They can even take advantage of <a href=\"https:\/\/www.mobilize.com\/en\/wearemobilizers\/smart-charging-the-perfect-partner-for-the-electric-car\/\">smart charging<\/a>, which adjusts the rate at which the vehicle is charged according to the availability of electricity on the grid, so as to consume the least carbon-intensive and cheapest energy possible. The <a href=\"https:\/\/www.mobilize.com\/en\/wearemobilizers\/smart-charging-when-the-mobility-and-energy-sectors-meet\/\">Mobilize Smart Charge<\/a> application takes care of everything.<\/p>\n<p>Mobilize offers recharging solutions to suit everyone&#8217;s day-to-day needs, from <a href=\"https:\/\/www.mobilize.com\/en\/mobility-services\/individuals-and-companies\/easy-charging\/\">private individuals and businesses<\/a> to <a href=\"https:\/\/www.mobilize.com\/en\/mobility-services\/people-mobility-operators\/vehicle-charging-for-every-situation\/\">mobility professionals<\/a> in the car-sharing and chauffeur-driven car sectors. So electric mobility is a matter of course for everyone.<\/p>\n\t\t\t\t\t\t<\/div>\n\t\t\t\t\t<\/div>\n\t\t\t\t\t\t\t<\/div>\n\t\t\t<\/div>\n<\/div>\n\n\n\n<div class=\"cp-rebound-three-blocks\">\n\t<div class=\"teq-container\">\n\t\t\t\t\t<div class=\"intro-title-text\">\n\t\t\t\t\t\t\t\t\t<h2 class=\"h2-like title-intro showUp\">\n\t\t\t\t\t\tON THE SAME THEME\t\t\t\t\t<\/h2>\n\t\t\t\t\t\t\t<\/div>\n\t\t\t\t<div class=\"swiper-container js-rebound-slider\">\n\t\t\t<div class=\"flex-container swiper-wrapper animImgGroup\">\n\t\t\t\t    \t\t\t\t        \t\t\t\t<div class=\"swiper-slide item animImgDelay\">\n\t\t\t\t\t\t\t<div class=\"illust\">\n\t\t\t\t\t\t\t\t\t\t\t\t\t\t\t\t\t<span class=\"icon-card-info\">\n\t\t\t\t\t\t\t\t\t\t<svg><use xlink:href=\"#icon-card-info\"><\/use><\/svg>\n\t\t\t\t\t\t\t\t\t<\/span>\n\t\t\t\t\t\t\t\t\t\t\t\t\t\t\t\t\t\t\t\t\t\t\t\t\t<img decoding=\"async\" src=\"https:\/\/www.mobilize.com\/app\/uploads\/2022\/12\/bandeau-mobile-villes-laboratoires-mobilite.jpg\" alt=\"\"\/>\n\t\t\t\t\t\t\t\t\t\t\t\t\t\t\t<\/div>\n\t\t\t\t\t\t\t<div class=\"card-content-wrapper\">\n\t\t\t\t\t\t\t\t\t\t\t\t\t\t\t\t\t<h3 class=\"card-title \">cities, our modern-day mobility labs<\/h3>\n\t\t\t\t\t\t\t\t\t\t\t\t\t\t\t\t\t\t\t\t\t\t\t\t\t<div class=\"card-text \">\n                                    \tOur cities are some of the world\u2019s most densely occupied spaces, and as such serve as permanent laboratories for the ecological transition, notably when it comes to mobility.                                \t<\/div>\n\t\t\t\t\t\t\t\t\t\t\t\t\t\t\t<\/div>\n\t\t\t\t\t\t\t\t\t\t\t\t\t\t\t<a class=\"stretched-link\" href=\"https:\/\/www.mobilize.com\/en\/wearemobilizers\/cities-our-modern-day-mobility-labs\/\" target=\"\"><\/a>\n\t\t\t\t\t\t\t\t\t\t\t\t\t\t<div class=\"overview\"><\/div>\n\t\t\t\t\t\t<\/div>\n\t\t\t\t\t        \t\t\t\t<div class=\"swiper-slide item animImgDelay\">\n\t\t\t\t\t\t\t<div class=\"illust\">\n\t\t\t\t\t\t\t\t\t\t\t\t\t\t\t\t\t<span class=\"icon-card-podcast\">\n\t\t\t\t\t\t\t\t\t\t<svg><use xlink:href=\"#icon-card-podcast\"><\/use><\/svg>\n\t\t\t\t\t\t\t\t\t<\/span>\n\t\t\t\t\t\t\t\t\t\t\t\t\t\t\t\t\t\t\t\t\t\t\t\t\t<img decoding=\"async\" src=\"https:\/\/www.mobilize.com\/app\/uploads\/2022\/11\/banner-mobile-podcast-huygue.jpg\" alt=\"\"\/>\n\t\t\t\t\t\t\t\t\t\t\t\t\t\t\t<\/div>\n\t\t\t\t\t\t\t<div class=\"card-content-wrapper\">\n\t\t\t\t\t\t\t\t\t\t\t\t\t\t\t\t\t<h3 class=\"card-title \">localities to the rescue of mobility<\/h3>\n\t\t\t\t\t\t\t\t\t\t\t\t\t\t\t\t\t\t\t\t\t\t\t\t\t<div class=\"card-text \">\n                                    \tIn a society faced with the consequences of global warming and increasingly concerned about its impact on the environment, individual cars are becoming the symbol of an outdated era.                                \t<\/div>\n\t\t\t\t\t\t\t\t\t\t\t\t\t\t\t<\/div>\n\t\t\t\t\t\t\t\t\t\t\t\t\t\t\t<a class=\"stretched-link\" href=\"https:\/\/www.mobilize.com\/en\/wearemobilizers\/far-from-the-metropolises-smaller-towns-and-rural-areas-carry-the-change\/\" target=\"\"><\/a>\n\t\t\t\t\t\t\t\t\t\t\t\t\t\t<div class=\"overview\"><\/div>\n\t\t\t\t\t\t<\/div>\n\t\t\t\t\t        \t\t\t\t<div class=\"swiper-slide item animImgDelay\">\n\t\t\t\t\t\t\t<div class=\"illust\">\n\t\t\t\t\t\t\t\t\t\t\t\t\t\t\t\t\t<span class=\"icon-card-artefact\">\n\t\t\t\t\t\t\t\t\t\t<svg><use xlink:href=\"#icon-card-artefact\"><\/use><\/svg>\n\t\t\t\t\t\t\t\t\t<\/span>\n\t\t\t\t\t\t\t\t\t\t\t\t\t\t\t\t\t\t\t\t\t\t\t\t\t<img decoding=\"async\" src=\"https:\/\/www.mobilize.com\/app\/uploads\/2023\/03\/Le-smartphone-la-clef-pour-une-mobilite-plus-durable-0-9-screenshot.png\" alt=\"\"\/>\n\t\t\t\t\t\t\t\t\t\t\t\t\t\t\t<\/div>\n\t\t\t\t\t\t\t<div class=\"card-content-wrapper\">\n\t\t\t\t\t\t\t\t\t\t\t\t\t\t\t\t\t<h3 class=\"card-title \">the smartphone, a mobility facilitator<\/h3>\n\t\t\t\t\t\t\t\t\t\t\t\t\t\t\t\t\t\t\t\t\t\t\t\t\t<div class=\"card-text \">\n                                    \tArtefact is the video series conceived by Mobilize that tells the story of mobility through its objects.                                \t<\/div>\n\t\t\t\t\t\t\t\t\t\t\t\t\t\t\t<\/div>\n\t\t\t\t\t\t\t\t\t\t\t\t\t\t\t<a class=\"stretched-link\" href=\"https:\/\/www.mobilize.com\/en\/wearemobilizers\/chap-1-the-smartphone-a-mobility-facilitator\/\" target=\"\"><\/a>\n\t\t\t\t\t\t\t\t\t\t\t\t\t\t<div class=\"overview\"><\/div>\n\t\t\t\t\t\t<\/div>\n\t\t\t\t\t\t\t\t<\/div>\n\t\t\t<div class=\"nav-container\">\n\t\t\t\t<div class=\"swiper-pagination\"><\/div>\n\t\t\t<\/div>\n\t\t<\/div>\n\t<\/div>\n<\/div>\n<\/div>\n","protected":false},"excerpt":{"rendered":"<p>Service stations are part of the familiar landscape for filling up a combustion-powered car, particularly in suburban areas.<\/p>\n","protected":false},"author":14,"featured_media":29263,"parent":14971,"comment_status":"closed","ping_status":"closed","sticky":false,"template":"","format":"standard","meta":{"_acf_changed":false,"footnotes":""},"categories":[55],"tags":[],"acf":[],"yoast_head":"<!-- This site is optimized with the Yoast SEO plugin v22.2 - https:\/\/yoast.com\/wordpress\/plugins\/seo\/ -->\n<title>Vehicle charging stations: where to charge your electric car? - Mobilize<\/title>\n<meta name=\"description\" content=\"Electric charging points have as many characteristics as they have types of location, and therefore types of use.\" \/>\n<meta name=\"robots\" content=\"index, follow, max-snippet:-1, max-image-preview:large, max-video-preview:-1\" \/>\n<link rel=\"canonical\" href=\"https:\/\/www.mobilize.com\/en\/wearemobilizers\/electric-vehicle-charging-stations-where-and-when-to-charge-your-car\/\" \/>\n<meta property=\"og:locale\" content=\"en_US\" \/>\n<meta property=\"og:type\" content=\"article\" \/>\n<meta property=\"og:title\" content=\"Vehicle charging stations: where to charge your electric car? - Mobilize\" \/>\n<meta property=\"og:description\" content=\"Electric charging points have as many characteristics as they have types of location, and therefore types of use.\" \/>\n<meta property=\"og:url\" content=\"https:\/\/www.mobilize.com\/en\/wearemobilizers\/electric-vehicle-charging-stations-where-and-when-to-charge-your-car\/\" \/>\n<meta property=\"og:site_name\" content=\"Mobilize\" \/>\n<meta property=\"article:published_time\" content=\"2023-07-03T09:21:44+00:00\" \/>\n<meta property=\"article:modified_time\" content=\"2025-01-06T08:27:41+00:00\" \/>\n<meta property=\"og:image\" content=\"https:\/\/www.mobilize.com\/app\/uploads\/2023\/06\/banner-mobile-bornes-recharge.jpg\" \/>\n\t<meta property=\"og:image:width\" content=\"700\" \/>\n\t<meta property=\"og:image:height\" content=\"700\" \/>\n\t<meta property=\"og:image:type\" content=\"image\/jpeg\" \/>\n<meta name=\"author\" content=\"S\u00e9bastien Besan\u00e7on\" \/>\n<meta name=\"twitter:card\" content=\"summary_large_image\" \/>\n<meta name=\"twitter:label1\" content=\"Written by\" \/>\n\t<meta name=\"twitter:data1\" content=\"S\u00e9bastien Besan\u00e7on\" \/>\n<script type=\"application\/ld+json\" class=\"yoast-schema-graph\">{\"@context\":\"https:\/\/schema.org\",\"@graph\":[{\"@type\":\"WebPage\",\"@id\":\"https:\/\/www.mobilize.com\/en\/wearemobilizers\/electric-vehicle-charging-stations-where-and-when-to-charge-your-car\/\",\"url\":\"https:\/\/www.mobilize.com\/en\/wearemobilizers\/electric-vehicle-charging-stations-where-and-when-to-charge-your-car\/\",\"name\":\"Vehicle charging stations: where to charge your electric car? - Mobilize\",\"isPartOf\":{\"@id\":\"https:\/\/www.mobilize.com\/en\/#website\"},\"primaryImageOfPage\":{\"@id\":\"https:\/\/www.mobilize.com\/en\/wearemobilizers\/electric-vehicle-charging-stations-where-and-when-to-charge-your-car\/#primaryimage\"},\"image\":{\"@id\":\"https:\/\/www.mobilize.com\/en\/wearemobilizers\/electric-vehicle-charging-stations-where-and-when-to-charge-your-car\/#primaryimage\"},\"thumbnailUrl\":\"https:\/\/www.mobilize.com\/app\/uploads\/2023\/06\/banner-mobile-bornes-recharge.jpg\",\"datePublished\":\"2023-07-03T09:21:44+00:00\",\"dateModified\":\"2025-01-06T08:27:41+00:00\",\"author\":{\"@id\":\"https:\/\/www.mobilize.com\/en\/#\/schema\/person\/a93605b60864cbcd69daeda0ee4ab8ab\"},\"description\":\"Electric charging points have as many characteristics as they have types of location, and therefore types of use.\",\"breadcrumb\":{\"@id\":\"https:\/\/www.mobilize.com\/en\/wearemobilizers\/electric-vehicle-charging-stations-where-and-when-to-charge-your-car\/#breadcrumb\"},\"inLanguage\":\"en-US\",\"potentialAction\":[{\"@type\":\"ReadAction\",\"target\":[\"https:\/\/www.mobilize.com\/en\/wearemobilizers\/electric-vehicle-charging-stations-where-and-when-to-charge-your-car\/\"]}]},{\"@type\":\"ImageObject\",\"inLanguage\":\"en-US\",\"@id\":\"https:\/\/www.mobilize.com\/en\/wearemobilizers\/electric-vehicle-charging-stations-where-and-when-to-charge-your-car\/#primaryimage\",\"url\":\"https:\/\/www.mobilize.com\/app\/uploads\/2023\/06\/banner-mobile-bornes-recharge.jpg\",\"contentUrl\":\"https:\/\/www.mobilize.com\/app\/uploads\/2023\/06\/banner-mobile-bornes-recharge.jpg\",\"width\":700,\"height\":700,\"caption\":\"bornes recharge electrique\"},{\"@type\":\"BreadcrumbList\",\"@id\":\"https:\/\/www.mobilize.com\/en\/wearemobilizers\/electric-vehicle-charging-stations-where-and-when-to-charge-your-car\/#breadcrumb\",\"itemListElement\":[{\"@type\":\"ListItem\",\"position\":1,\"name\":\"home\",\"item\":\"https:\/\/www.mobilize.com\/en\/\"},{\"@type\":\"ListItem\",\"position\":2,\"name\":\"#wearemobilizers\",\"item\":\"https:\/\/www.mobilize.com\/en\/wearemobilizers\/\"},{\"@type\":\"ListItem\",\"position\":3,\"name\":\"electric vehicle charging stations: where and when to charge your car?\"}]},{\"@type\":\"WebSite\",\"@id\":\"https:\/\/www.mobilize.com\/en\/#website\",\"url\":\"https:\/\/www.mobilize.com\/en\/\",\"name\":\"Mobilize\",\"description\":\"beyond automotive\",\"potentialAction\":[{\"@type\":\"SearchAction\",\"target\":{\"@type\":\"EntryPoint\",\"urlTemplate\":\"https:\/\/www.mobilize.com\/en\/?s={search_term_string}\"},\"query-input\":\"required name=search_term_string\"}],\"inLanguage\":\"en-US\"},{\"@type\":\"Person\",\"@id\":\"https:\/\/www.mobilize.com\/en\/#\/schema\/person\/a93605b60864cbcd69daeda0ee4ab8ab\",\"name\":\"S\u00e9bastien Besan\u00e7on\",\"url\":\"https:\/\/www.mobilize.com\/en\/author\/sebastien\/\"}]}<\/script>\n<!-- \/ Yoast SEO plugin. -->","yoast_head_json":{"title":"Vehicle charging stations: where to charge your electric car? - Mobilize","description":"Electric charging points have as many characteristics as they have types of location, and therefore types of use.","robots":{"index":"index","follow":"follow","max-snippet":"max-snippet:-1","max-image-preview":"max-image-preview:large","max-video-preview":"max-video-preview:-1"},"canonical":"https:\/\/www.mobilize.com\/en\/wearemobilizers\/electric-vehicle-charging-stations-where-and-when-to-charge-your-car\/","og_locale":"en_US","og_type":"article","og_title":"Vehicle charging stations: where to charge your electric car? - Mobilize","og_description":"Electric charging points have as many characteristics as they have types of location, and therefore types of use.","og_url":"https:\/\/www.mobilize.com\/en\/wearemobilizers\/electric-vehicle-charging-stations-where-and-when-to-charge-your-car\/","og_site_name":"Mobilize","article_published_time":"2023-07-03T09:21:44+00:00","article_modified_time":"2025-01-06T08:27:41+00:00","og_image":[{"width":700,"height":700,"url":"https:\/\/www.mobilize.com\/app\/uploads\/2023\/06\/banner-mobile-bornes-recharge.jpg","type":"image\/jpeg"}],"author":"S\u00e9bastien Besan\u00e7on","twitter_card":"summary_large_image","twitter_misc":{"Written by":"S\u00e9bastien Besan\u00e7on"},"schema":{"@context":"https:\/\/schema.org","@graph":[{"@type":"WebPage","@id":"https:\/\/www.mobilize.com\/en\/wearemobilizers\/electric-vehicle-charging-stations-where-and-when-to-charge-your-car\/","url":"https:\/\/www.mobilize.com\/en\/wearemobilizers\/electric-vehicle-charging-stations-where-and-when-to-charge-your-car\/","name":"Vehicle charging stations: where to charge your electric car? - Mobilize","isPartOf":{"@id":"https:\/\/www.mobilize.com\/en\/#website"},"primaryImageOfPage":{"@id":"https:\/\/www.mobilize.com\/en\/wearemobilizers\/electric-vehicle-charging-stations-where-and-when-to-charge-your-car\/#primaryimage"},"image":{"@id":"https:\/\/www.mobilize.com\/en\/wearemobilizers\/electric-vehicle-charging-stations-where-and-when-to-charge-your-car\/#primaryimage"},"thumbnailUrl":"https:\/\/www.mobilize.com\/app\/uploads\/2023\/06\/banner-mobile-bornes-recharge.jpg","datePublished":"2023-07-03T09:21:44+00:00","dateModified":"2025-01-06T08:27:41+00:00","author":{"@id":"https:\/\/www.mobilize.com\/en\/#\/schema\/person\/a93605b60864cbcd69daeda0ee4ab8ab"},"description":"Electric charging points have as many characteristics as they have types of location, and therefore types of use.","breadcrumb":{"@id":"https:\/\/www.mobilize.com\/en\/wearemobilizers\/electric-vehicle-charging-stations-where-and-when-to-charge-your-car\/#breadcrumb"},"inLanguage":"en-US","potentialAction":[{"@type":"ReadAction","target":["https:\/\/www.mobilize.com\/en\/wearemobilizers\/electric-vehicle-charging-stations-where-and-when-to-charge-your-car\/"]}]},{"@type":"ImageObject","inLanguage":"en-US","@id":"https:\/\/www.mobilize.com\/en\/wearemobilizers\/electric-vehicle-charging-stations-where-and-when-to-charge-your-car\/#primaryimage","url":"https:\/\/www.mobilize.com\/app\/uploads\/2023\/06\/banner-mobile-bornes-recharge.jpg","contentUrl":"https:\/\/www.mobilize.com\/app\/uploads\/2023\/06\/banner-mobile-bornes-recharge.jpg","width":700,"height":700,"caption":"bornes recharge electrique"},{"@type":"BreadcrumbList","@id":"https:\/\/www.mobilize.com\/en\/wearemobilizers\/electric-vehicle-charging-stations-where-and-when-to-charge-your-car\/#breadcrumb","itemListElement":[{"@type":"ListItem","position":1,"name":"home","item":"https:\/\/www.mobilize.com\/en\/"},{"@type":"ListItem","position":2,"name":"#wearemobilizers","item":"https:\/\/www.mobilize.com\/en\/wearemobilizers\/"},{"@type":"ListItem","position":3,"name":"electric vehicle charging stations: where and when to charge your car?"}]},{"@type":"WebSite","@id":"https:\/\/www.mobilize.com\/en\/#website","url":"https:\/\/www.mobilize.com\/en\/","name":"Mobilize","description":"beyond automotive","potentialAction":[{"@type":"SearchAction","target":{"@type":"EntryPoint","urlTemplate":"https:\/\/www.mobilize.com\/en\/?s={search_term_string}"},"query-input":"required name=search_term_string"}],"inLanguage":"en-US"},{"@type":"Person","@id":"https:\/\/www.mobilize.com\/en\/#\/schema\/person\/a93605b60864cbcd69daeda0ee4ab8ab","name":"S\u00e9bastien Besan\u00e7on","url":"https:\/\/www.mobilize.com\/en\/author\/sebastien\/"}]}},"_links":{"self":[{"href":"https:\/\/www.mobilize.com\/en\/wp-json\/wp\/v2\/posts\/29348"}],"collection":[{"href":"https:\/\/www.mobilize.com\/en\/wp-json\/wp\/v2\/posts"}],"about":[{"href":"https:\/\/www.mobilize.com\/en\/wp-json\/wp\/v2\/types\/post"}],"author":[{"embeddable":true,"href":"https:\/\/www.mobilize.com\/en\/wp-json\/wp\/v2\/users\/14"}],"replies":[{"embeddable":true,"href":"https:\/\/www.mobilize.com\/en\/wp-json\/wp\/v2\/comments?post=29348"}],"version-history":[{"count":10,"href":"https:\/\/www.mobilize.com\/en\/wp-json\/wp\/v2\/posts\/29348\/revisions"}],"predecessor-version":[{"id":35794,"href":"https:\/\/www.mobilize.com\/en\/wp-json\/wp\/v2\/posts\/29348\/revisions\/35794"}],"up":[{"embeddable":true,"href":"https:\/\/www.mobilize.com\/en\/wp-json\/wp\/v2\/pages\/14971"}],"wp:featuredmedia":[{"embeddable":true,"href":"https:\/\/www.mobilize.com\/en\/wp-json\/wp\/v2\/media\/29263"}],"wp:attachment":[{"href":"https:\/\/www.mobilize.com\/en\/wp-json\/wp\/v2\/media?parent=29348"}],"wp:term":[{"taxonomy":"category","embeddable":true,"href":"https:\/\/www.mobilize.com\/en\/wp-json\/wp\/v2\/categories?post=29348"},{"taxonomy":"post_tag","embeddable":true,"href":"https:\/\/www.mobilize.com\/en\/wp-json\/wp\/v2\/tags?post=29348"}],"curies":[{"name":"wp","href":"https:\/\/api.w.org\/{rel}","templated":true}]}}