{"id":30507,"date":"2023-10-13T10:08:33","date_gmt":"2023-10-13T08:08:33","guid":{"rendered":"https:\/\/www.mobilize.com\/?p=30507"},"modified":"2024-09-03T14:12:39","modified_gmt":"2024-09-03T12:12:39","slug":"do-cars-still-belong-in-the-city","status":"publish","type":"post","link":"https:\/\/www.mobilize.com\/en\/wearemobilizers\/do-cars-still-belong-in-the-city\/","title":{"rendered":"do cars still belong in the city?"},"content":{"rendered":"<section class=\"cp-share-social\">\n\t<div class=\"btn-open-social js-btn-open-social\">\n\t\t<svg class=\"icon-share\">\n\t\t\t<use xlink:href=\"#icon-share\"><\/use>\n\t\t<\/svg>\n\t\t<svg class=\"icon-close\">\n\t\t\t<use xlink:href=\"#icon-close\"><\/use>\n\t\t<\/svg>\n\t<\/div>\n\t<div class=\"hidden-links\">\n\t\t<a target=\"_blank\" class=\"share-button\" href=\"https:\/\/www.facebook.com\/sharer\/sharer.php?u=https:\/\/www.mobilize.com\/en\/wearemobilizers\/do-cars-still-belong-in-the-city\/\" onclick='window.dataLayer.push({\"eventCategory\": \"Click Social\",\"eventAction\": \"facebook\",\"event\": \"gaEvent\"})' title=\"Share on Facebook\">\n\t\t\t<svg class=\"icon icon-facebook\">\n\t\t\t\t<use xlink:href=\"#icon-facebook\"><\/use>\n\t\t\t<\/svg>\n\t\t<\/a>\n\t\t<a target=\"_blank\" class=\"share-button\" href=\"https:\/\/twitter.com\/share?url=https:\/\/www.mobilize.com\/en\/wearemobilizers\/do-cars-still-belong-in-the-city\/&#038;text=do cars still belong in the city? - Mobilize \" onclick='window.dataLayer.push({\"eventCategory\": \"Click Social\",\"eventAction\": \"twitter\",\"event\": \"gaEvent\"})' title=\"Tweet this\">\n\t\t\t<svg class=\"icon icon-twitter\">\n\t\t\t\t<use xlink:href=\"#icon-twitter\"><\/use>\n\t\t\t<\/svg>\n\t\t<\/a>\n\t\t<a target=\"_blank\" class=\"share-button\" href=\"https:\/\/www.linkedin.com\/shareArticle?mini=true&#038;url=https:\/\/www.mobilize.com\/en\/wearemobilizers\/do-cars-still-belong-in-the-city\/\" onclick='window.dataLayer.push({\"eventCategory\": \"Click Social\",\"eventAction\": \"linkedin\",\"event\": \"gaEvent\"})' title=\"Share on LinkedIn\">\n\t\t\t<svg class=\"icon icon-linkedin\">\n\t\t\t\t<use xlink:href=\"#icon-linkedin\"><\/use>\n\t\t\t<\/svg>\n\t\t<\/a>\n\t<\/div>\n<\/section>\n\n\n<div class=\"cp-breadcrumb teq-container\" id=\"breadcrumbs\"><span><span><a href=\"https:\/\/www.mobilize.com\/en\/\">home<\/a><\/span><\/span><\/div>\n\n\n\n<div class=\"cp-article-banner\">\n    <div class=\"teq-container\">\n        <div class=\"date\">LEVEL UP<\/div>\t\t\t\t\t<h1> do cars still belong <span style=\"color: #f84300;\">in the city?<\/span>\n <\/h1>\n\t\t\t\t<div class=\"intro\"><p>Fueled by climate concerns, cities are undergoing a transformation. And, quite frankly, cars don&#8217;t always seem to fit into the equation. This is primarily due to decarbonisation goals, which make internal combustion engines incompatible with European ambitions. Also, the surge in sustainable mobility options means there&#8217;s a need for a redistribution of traffic space among various modes of transportation. So, how can we find a new role for the car? The answer in three steps&#8230;<\/p>\n<\/div>\n\t\t\n\t\t<div class=\"themes\">\t\n\t\t\t\t\t\t\t<ul>\n\t\t\t\t\t\t\t\t\t\t\t<li> electric vehicle <\/li>\n\t\t\t\t\t\t\t\t\t\t\t<li> shared mobility <\/li>\n\t\t\t\t\t\t\t\t\t<\/ul>\n\t\t\t\t\t<\/div>\n\n\t\t\t\t\t<div class=\"illust\">\n\t\t\t\t\t\t\t\t\t<span class=\"icon-card-article\">\n\t\t\t\t\t\t\t<svg><use xlink:href=\"#icon-card-article\"><\/use><\/svg>\n\t\t\t\t\t\t<\/span>\n\t\t\t\t\t\t\t\t<picture>\n\t\t\t\t\t<source media=\"(max-width: 499px)\" srcset=\"https:\/\/www.mobilize.com\/app\/uploads\/2023\/09\/banner-mobile-voiture-sans-ville.jpg\">\n\n\t\t\t\t\t<source media=\"(min-width: 500px)\" srcset=\"https:\/\/www.mobilize.com\/app\/uploads\/2023\/09\/banner-voiture-sans-ville.jpg\">\n\n\t\t\t\t\t<img decoding=\"async\" src=\"https:\/\/www.mobilize.com\/app\/uploads\/2023\/09\/banner-voiture-sans-ville.jpg\" alt=\"\">\n\t\t\t\t<\/picture>\n\t\t\t<\/div>\n\t\t    <\/div>\n\t<\/div>\n\n\n\n<div class=\"cp-title-paragraph\">\n    <div class=\"teq-container -narrow\">\n\t\t\t\t\t<h2 class=\"title-introduction showUp\">\n\t\t\t\t\u2605 \u2606 \u2606 <br>scrapping the most polluting vehicles\t\t\t<\/h2>\n\t\t        <div class=\"paragraphe showUp\">\n\t\t\t            \t<p>The issue with cars primarily revolves around greenhouse gas emissions, which contribute to climate change, and the release of fine particles, which the World Health Organization associates with respiratory and cardiovascular diseases. So, it\u2019s the type of engines that needs to be addressed rather than the vehicles themselves. Implementing &#8216;<em>Zones \u00e0 faible \u00e9mission<\/em>&#8216; (LEZ) in France, &#8216;Low Emission Zones&#8217; in the UK, or &#8216;<em>Zona a Traffico Limitato<\/em>&#8216; (ZTL) in Italy has proven to be an effective regulatory response. By excluding the most polluting vehicles, city centers can breathe easier. In historic city centers where cars often struggle to navigate, <a href=\"https:\/\/www.mobilize.com\/en\/wearemobilizers\/urban-mobility-more-multimodality-and-less-car-use\/\">multimodal solutions<\/a> offer alternatives like biking, walking, or using small electric vehicles in place of cars. For instance, in 2007, banning cars from the city center of Ljubljana, the capital of Slovenia, led to a remarkable 70% reduction in carbon emissions<sup>1<\/sup> and restored the pleasure of leisurely strolls through its charming streets. In this context, every initiative is worth exploring, and cities should remain open <a href=\"https:\/\/www.mobilize.com\/en\/wearemobilizers\/cities-our-modern-day-mobility-labs\/\">testbeds<\/a> for experimenting with innovative mobility solutions.<\/p>\n\t\t\t        <\/div>\n    <\/div>\n<\/div>\n\n\n\n<div class=\"cp-title-paragraph\">\n    <div class=\"teq-container -narrow\">\n\t\t\t\t\t<h2 class=\"title-introduction showUp\">\n\t\t\t\t\u2605 \u2605 \u2606 <br>encouraging urban space sharing\t\t\t<\/h2>\n\t\t        <div class=\"paragraphe showUp\">\n\t\t\t            \t<p>Cars need to adapt to sharing the road with other modes of transportation like public transit and bicycles. As a result, cars are becoming more tailored to specific uses. The key is to foster harmonious sharing of space while keeping in mind <a href=\"https:\/\/www.mobilize.com\/en\/wearemobilizers\/transportation-in-line-with-the-energy-transition-in-a-small-medium-or-large-city-there-are-solutions-for-each-one\/\">the unique characteristics of each city<\/a>. For example, a hilly city like Zurich can hardly be compared to Amsterdam. Implemented in countries like Switzerland, Belgium, France, Luxembourg, and Austria, the concept of a &#8216;<em>zone de rencontre<\/em>&#8216; (meeting zone) reconciles all modes of transport by sharing the road at a limited speed for vehicles. Other systems, like &#8216;<em>zones 30<\/em>&#8216;, operate on the same principle of calm driving to promote coexistence among all urban space users. Another approach is the &#8216;<em>v\u00e9lorue<\/em>&#8216; (bike street), which prioritises cyclists, and is particularly popular in countries such as Germany, the Netherlands, Belgium, and Denmark. Lastly, space sharing can also be temporal, depending on the time of day (morning deliveries, public transit during rush hours, vehicles the rest of the time) or the season (cars in winter, pedestrians in summer). The key is to share equitably.<\/p>\n\t\t\t        <\/div>\n    <\/div>\n<\/div>\n\n\n\n<div class=\"cp-title-paragraph\">\n    <div class=\"teq-container -narrow\">\n\t\t\t\t\t<h2 class=\"title-introduction showUp\">\n\t\t\t\t\u2605 \u2605 \u2605 <br>adapting cars to the new urban landscape\t\t\t<\/h2>\n\t\t        <div class=\"paragraphe showUp\">\n\t\t\t            \t<p>While cities aim to move away from a &#8216;car-centric&#8217; approach, automobiles are also taking steps to adapt to urban life.<\/p>\n<p>First and foremost, they are becoming more environmentally friendly. In this regard, the rapid electrification of the automotive fleet is leading the way. According to the European Automobile Manufacturers&#8217; Association<sup>2<\/sup>, electric vehicles accounted for 21.6% of registrations in the EU in 2022, compared to 10.5% in 2020.<\/p>\n<p>They are also being shared more through <a href=\"https:\/\/www.mobilize.com\/en\/wearemobilizers\/zity-by-mobilize-a-model-of-carsharing-in-europe\/\">car-sharing programs<\/a>, for which an increasing number of cities are offering <a href=\"https:\/\/www.mobilize.com\/en\/wearemobilizers\/investigation-behind-the-scenes-of-deployment-of-zity-by-mobilize-and-mobilize-share-carsharing-services\/\">dedicated spaces<\/a>.<\/p>\n<p>Moreover, they offer greater flexibility. Short-term rental systems, allowing you to <a href=\"https:\/\/www.mobilize.com\/en\/wearemobilizers\/individual-mobility-a-change-of-gear\/\">match the size and use of the vehicle<\/a> to your immediate needs, promote more efficient resource utilisation.<\/p>\n<p>Lastly, they are becoming increasingly connected. Analysing data transmitted by vehicles helps in <a href=\"https:\/\/www.mobilize.com\/en\/wearemobilizers\/tallinn-an-example-of-smart-city-technology-use\/\">monitoring traffic conditions<\/a>, congestion zones, and parking spaces. This integration enables cars to navigate traffic with greater ease and serenity.<\/p>\n<p>For all these reasons, automobiles have their place in the city, just like other modes of transportation. Both are undergoing <a href=\"https:\/\/www.mobilize.com\/en\/wearemobilizers\/tomorrow-rethinking-the-cities-in-depth\/\">profound transformations<\/a> to ensure that no one is left by the wayside. <a href=\"https:\/\/www.mobilize.com\/en\/explore-mobilize\/mobilize-an-activist-brand\/\">Mobilize<\/a>, a Renault Group brand, is actively engaged in this journey, offering a comprehensive ecosystem of solutions for achieving carbon-neutral mobility.<\/p>\n\t\t\t        <\/div>\n    <\/div>\n<\/div>\n\n\n\n<div class=\"cp-title-paragraph\">\n    <div class=\"teq-container -narrow\">\n\t\t        <div class=\"paragraphe showUp\">\n\t\t\t            \t<p><sup>1<\/sup> <a href=\"https:\/\/www.eltis.org\/resources\/case-studies\/pedestrianisation-ljubljana-city-centre\" target=\"_blank\" rel=\"noopener\">https:\/\/www.eltis.org\/<\/a><br \/>\n<sup>2<\/sup> <a href=\"https:\/\/www.acea.auto\/figure\/fuel-types-of-new-passenger-cars-in-eu\/\" target=\"_blank\" rel=\"noopener\">https:\/\/www.acea.auto\/<\/a><\/p>\n\t\t\t        <\/div>\n    <\/div>\n<\/div>\n\n\n\n<div class=\"cp-rebound-three-blocks\">\n\t<div class=\"teq-container\">\n\t\t\t\t\t<div class=\"intro-title-text\">\n\t\t\t\t\t\t\t\t\t<h2 class=\"h2-like title-intro showUp\">\n\t\t\t\t\t\tON THE SAME THEME\t\t\t\t\t<\/h2>\n\t\t\t\t\t\t\t<\/div>\n\t\t\t\t<div class=\"swiper-container js-rebound-slider\">\n\t\t\t<div class=\"flex-container swiper-wrapper animImgGroup\">\n\t\t\t\t    \t\t\t\t        \t\t\t\t<div class=\"swiper-slide item animImgDelay\">\n\t\t\t\t\t\t\t<div class=\"illust\">\n\t\t\t\t\t\t\t\t\t\t\t\t\t\t\t\t\t<span class=\"icon-card-article\">\n\t\t\t\t\t\t\t\t\t\t<svg><use xlink:href=\"#icon-card-article\"><\/use><\/svg>\n\t\t\t\t\t\t\t\t\t<\/span>\n\t\t\t\t\t\t\t\t\t\t\t\t\t\t\t\t\t\t\t\t\t\t\t\t\t<img decoding=\"async\" src=\"https:\/\/www.mobilize.com\/app\/uploads\/2023\/02\/reboot-ville-demain-mobile-v3.jpg\" alt=\"\"\/>\n\t\t\t\t\t\t\t\t\t\t\t\t\t\t\t<\/div>\n\t\t\t\t\t\t\t<div class=\"card-content-wrapper\">\n\t\t\t\t\t\t\t\t\t\t\t\t\t\t\t\t\t<h3 class=\"card-title \">tomorrow, rethinking the cities in depth<\/h3>\n\t\t\t\t\t\t\t\t\t\t\t\t\t\t\t\t\t\t\t\t\t\t\t\t\t<div class=\"card-text \">\n                                    \tToo densely populated, too hot and too polluted. The cities of today are no longer aligned with current social and environmental issues.                                \t<\/div>\n\t\t\t\t\t\t\t\t\t\t\t\t\t\t\t<\/div>\n\t\t\t\t\t\t\t\t\t\t\t\t\t\t\t<a class=\"stretched-link\" href=\"https:\/\/www.mobilize.com\/en\/wearemobilizers\/tomorrow-rethinking-the-cities-in-depth\/\" target=\"\"><\/a>\n\t\t\t\t\t\t\t\t\t\t\t\t\t\t<div class=\"overview\"><\/div>\n\t\t\t\t\t\t<\/div>\n\t\t\t\t\t        \t\t\t\t<div class=\"swiper-slide item animImgDelay\">\n\t\t\t\t\t\t\t<div class=\"illust\">\n\t\t\t\t\t\t\t\t\t\t\t\t\t\t\t\t\t<span class=\"icon-card-article\">\n\t\t\t\t\t\t\t\t\t\t<svg><use xlink:href=\"#icon-card-article\"><\/use><\/svg>\n\t\t\t\t\t\t\t\t\t<\/span>\n\t\t\t\t\t\t\t\t\t\t\t\t\t\t\t\t\t\t\t\t\t\t\t\t\t<img decoding=\"async\" src=\"https:\/\/www.mobilize.com\/app\/uploads\/2022\/12\/bandeau-mobile-villes-laboratoires-mobilite.jpg\" alt=\"\"\/>\n\t\t\t\t\t\t\t\t\t\t\t\t\t\t\t<\/div>\n\t\t\t\t\t\t\t<div class=\"card-content-wrapper\">\n\t\t\t\t\t\t\t\t\t\t\t\t\t\t\t\t\t<h3 class=\"card-title \">cities, our modern-day mobility labs<\/h3>\n\t\t\t\t\t\t\t\t\t\t\t\t\t\t\t\t\t\t\t\t\t\t\t\t\t<div class=\"card-text \">\n                                    \tOur cities are some of the world\u2019s most densely occupied spaces, and as such serve as permanent laboratories for the ecological transition, notably when it comes to mobility.                                \t<\/div>\n\t\t\t\t\t\t\t\t\t\t\t\t\t\t\t<\/div>\n\t\t\t\t\t\t\t\t\t\t\t\t\t\t\t<a class=\"stretched-link\" href=\"https:\/\/www.mobilize.com\/en\/wearemobilizers\/cities-our-modern-day-mobility-labs\/\" target=\"\"><\/a>\n\t\t\t\t\t\t\t\t\t\t\t\t\t\t<div class=\"overview\"><\/div>\n\t\t\t\t\t\t<\/div>\n\t\t\t\t\t        \t\t\t\t<div class=\"swiper-slide item animImgDelay\">\n\t\t\t\t\t\t\t<div class=\"illust\">\n\t\t\t\t\t\t\t\t\t\t\t\t\t\t\t\t\t<span class=\"icon-card-article\">\n\t\t\t\t\t\t\t\t\t\t<svg><use xlink:href=\"#icon-card-article\"><\/use><\/svg>\n\t\t\t\t\t\t\t\t\t<\/span>\n\t\t\t\t\t\t\t\t\t\t\t\t\t\t\t\t\t\t\t\t\t\t\t\t\t<img decoding=\"async\" src=\"https:\/\/www.mobilize.com\/app\/uploads\/2023\/07\/bandeau-mobile-mobilite-urbaine.jpg\" alt=\"\"\/>\n\t\t\t\t\t\t\t\t\t\t\t\t\t\t\t<\/div>\n\t\t\t\t\t\t\t<div class=\"card-content-wrapper\">\n\t\t\t\t\t\t\t\t\t\t\t\t\t\t\t\t\t<h3 class=\"card-title \">urban mobility: more multimodality and less car use?<\/h3>\n\t\t\t\t\t\t\t\t\t\t\t\t\t\t\t\t\t\t\t\t\t\t\t\t\t<div class=\"card-text \">\n                                    \tUrbanisation is a fundamental trend that no region of the world seems to be escaping.                                \t<\/div>\n\t\t\t\t\t\t\t\t\t\t\t\t\t\t\t<\/div>\n\t\t\t\t\t\t\t\t\t\t\t\t\t\t\t<a class=\"stretched-link\" href=\"https:\/\/www.mobilize.com\/en\/wearemobilizers\/urban-mobility-more-multimodality-and-less-car-use\/\" target=\"\"><\/a>\n\t\t\t\t\t\t\t\t\t\t\t\t\t\t<div class=\"overview\"><\/div>\n\t\t\t\t\t\t<\/div>\n\t\t\t\t\t\t\t\t<\/div>\n\t\t\t<div class=\"nav-container\">\n\t\t\t\t<div class=\"swiper-pagination\"><\/div>\n\t\t\t<\/div>\n\t\t<\/div>\n\t<\/div>\n<\/div>\n<\/div>\n","protected":false},"excerpt":{"rendered":"<p>Fueled by climate concerns, cities are undergoing a transformation. And, quite frankly, cars don&#8217;t always seem to fit into the equation.<\/p>\n","protected":false},"author":14,"featured_media":30454,"parent":14971,"comment_status":"closed","ping_status":"closed","sticky":false,"template":"","format":"standard","meta":{"_acf_changed":false,"footnotes":""},"categories":[55,53],"tags":[],"acf":[],"yoast_head":"<!-- This site is optimized with the Yoast SEO plugin v22.2 - https:\/\/yoast.com\/wordpress\/plugins\/seo\/ -->\n<title>do cars still belong in the city? - Mobilize<\/title>\n<meta name=\"robots\" content=\"index, follow, max-snippet:-1, max-image-preview:large, max-video-preview:-1\" \/>\n<link rel=\"canonical\" href=\"https:\/\/www.mobilize.com\/en\/wearemobilizers\/do-cars-still-belong-in-the-city\/\" \/>\n<meta property=\"og:locale\" content=\"en_US\" \/>\n<meta property=\"og:type\" content=\"article\" \/>\n<meta property=\"og:title\" content=\"do cars still belong in the city? - Mobilize\" \/>\n<meta property=\"og:description\" content=\"Fueled by climate concerns, cities are undergoing a transformation. And, quite frankly, cars don&#039;t always seem to fit into the equation.\" \/>\n<meta property=\"og:url\" content=\"https:\/\/www.mobilize.com\/en\/wearemobilizers\/do-cars-still-belong-in-the-city\/\" \/>\n<meta property=\"og:site_name\" content=\"Mobilize\" \/>\n<meta property=\"article:published_time\" content=\"2023-10-13T08:08:33+00:00\" \/>\n<meta property=\"article:modified_time\" content=\"2024-09-03T12:12:39+00:00\" \/>\n<meta property=\"og:image\" content=\"https:\/\/www.mobilize.com\/app\/uploads\/2023\/09\/banner-mobile-voiture-sans-ville.jpg\" \/>\n\t<meta property=\"og:image:width\" content=\"800\" \/>\n\t<meta property=\"og:image:height\" content=\"800\" \/>\n\t<meta property=\"og:image:type\" content=\"image\/jpeg\" \/>\n<meta name=\"author\" content=\"S\u00e9bastien Besan\u00e7on\" \/>\n<meta name=\"twitter:card\" content=\"summary_large_image\" \/>\n<meta name=\"twitter:label1\" content=\"Written by\" \/>\n\t<meta name=\"twitter:data1\" content=\"S\u00e9bastien Besan\u00e7on\" \/>\n<script type=\"application\/ld+json\" class=\"yoast-schema-graph\">{\"@context\":\"https:\/\/schema.org\",\"@graph\":[{\"@type\":\"WebPage\",\"@id\":\"https:\/\/www.mobilize.com\/en\/wearemobilizers\/do-cars-still-belong-in-the-city\/\",\"url\":\"https:\/\/www.mobilize.com\/en\/wearemobilizers\/do-cars-still-belong-in-the-city\/\",\"name\":\"do cars still belong in the city? - Mobilize\",\"isPartOf\":{\"@id\":\"https:\/\/www.mobilize.com\/en\/#website\"},\"primaryImageOfPage\":{\"@id\":\"https:\/\/www.mobilize.com\/en\/wearemobilizers\/do-cars-still-belong-in-the-city\/#primaryimage\"},\"image\":{\"@id\":\"https:\/\/www.mobilize.com\/en\/wearemobilizers\/do-cars-still-belong-in-the-city\/#primaryimage\"},\"thumbnailUrl\":\"https:\/\/www.mobilize.com\/app\/uploads\/2023\/09\/banner-mobile-voiture-sans-ville.jpg\",\"datePublished\":\"2023-10-13T08:08:33+00:00\",\"dateModified\":\"2024-09-03T12:12:39+00:00\",\"author\":{\"@id\":\"https:\/\/www.mobilize.com\/en\/#\/schema\/person\/a93605b60864cbcd69daeda0ee4ab8ab\"},\"breadcrumb\":{\"@id\":\"https:\/\/www.mobilize.com\/en\/wearemobilizers\/do-cars-still-belong-in-the-city\/#breadcrumb\"},\"inLanguage\":\"en-US\",\"potentialAction\":[{\"@type\":\"ReadAction\",\"target\":[\"https:\/\/www.mobilize.com\/en\/wearemobilizers\/do-cars-still-belong-in-the-city\/\"]}]},{\"@type\":\"ImageObject\",\"inLanguage\":\"en-US\",\"@id\":\"https:\/\/www.mobilize.com\/en\/wearemobilizers\/do-cars-still-belong-in-the-city\/#primaryimage\",\"url\":\"https:\/\/www.mobilize.com\/app\/uploads\/2023\/09\/banner-mobile-voiture-sans-ville.jpg\",\"contentUrl\":\"https:\/\/www.mobilize.com\/app\/uploads\/2023\/09\/banner-mobile-voiture-sans-ville.jpg\",\"width\":800,\"height\":800},{\"@type\":\"BreadcrumbList\",\"@id\":\"https:\/\/www.mobilize.com\/en\/wearemobilizers\/do-cars-still-belong-in-the-city\/#breadcrumb\",\"itemListElement\":[{\"@type\":\"ListItem\",\"position\":1,\"name\":\"home\",\"item\":\"https:\/\/www.mobilize.com\/en\/\"},{\"@type\":\"ListItem\",\"position\":2,\"name\":\"#wearemobilizers\",\"item\":\"https:\/\/www.mobilize.com\/en\/wearemobilizers\/\"},{\"@type\":\"ListItem\",\"position\":3,\"name\":\"do cars still belong in the city?\"}]},{\"@type\":\"WebSite\",\"@id\":\"https:\/\/www.mobilize.com\/en\/#website\",\"url\":\"https:\/\/www.mobilize.com\/en\/\",\"name\":\"Mobilize\",\"description\":\"beyond automotive\",\"potentialAction\":[{\"@type\":\"SearchAction\",\"target\":{\"@type\":\"EntryPoint\",\"urlTemplate\":\"https:\/\/www.mobilize.com\/en\/?s={search_term_string}\"},\"query-input\":\"required name=search_term_string\"}],\"inLanguage\":\"en-US\"},{\"@type\":\"Person\",\"@id\":\"https:\/\/www.mobilize.com\/en\/#\/schema\/person\/a93605b60864cbcd69daeda0ee4ab8ab\",\"name\":\"S\u00e9bastien Besan\u00e7on\",\"url\":\"https:\/\/www.mobilize.com\/en\/author\/sebastien\/\"}]}<\/script>\n<!-- \/ Yoast SEO plugin. -->","yoast_head_json":{"title":"do cars still belong in the city? - Mobilize","robots":{"index":"index","follow":"follow","max-snippet":"max-snippet:-1","max-image-preview":"max-image-preview:large","max-video-preview":"max-video-preview:-1"},"canonical":"https:\/\/www.mobilize.com\/en\/wearemobilizers\/do-cars-still-belong-in-the-city\/","og_locale":"en_US","og_type":"article","og_title":"do cars still belong in the city? - Mobilize","og_description":"Fueled by climate concerns, cities are undergoing a transformation. And, quite frankly, cars don't always seem to fit into the equation.","og_url":"https:\/\/www.mobilize.com\/en\/wearemobilizers\/do-cars-still-belong-in-the-city\/","og_site_name":"Mobilize","article_published_time":"2023-10-13T08:08:33+00:00","article_modified_time":"2024-09-03T12:12:39+00:00","og_image":[{"width":800,"height":800,"url":"https:\/\/www.mobilize.com\/app\/uploads\/2023\/09\/banner-mobile-voiture-sans-ville.jpg","type":"image\/jpeg"}],"author":"S\u00e9bastien Besan\u00e7on","twitter_card":"summary_large_image","twitter_misc":{"Written by":"S\u00e9bastien Besan\u00e7on"},"schema":{"@context":"https:\/\/schema.org","@graph":[{"@type":"WebPage","@id":"https:\/\/www.mobilize.com\/en\/wearemobilizers\/do-cars-still-belong-in-the-city\/","url":"https:\/\/www.mobilize.com\/en\/wearemobilizers\/do-cars-still-belong-in-the-city\/","name":"do cars still belong in the city? - Mobilize","isPartOf":{"@id":"https:\/\/www.mobilize.com\/en\/#website"},"primaryImageOfPage":{"@id":"https:\/\/www.mobilize.com\/en\/wearemobilizers\/do-cars-still-belong-in-the-city\/#primaryimage"},"image":{"@id":"https:\/\/www.mobilize.com\/en\/wearemobilizers\/do-cars-still-belong-in-the-city\/#primaryimage"},"thumbnailUrl":"https:\/\/www.mobilize.com\/app\/uploads\/2023\/09\/banner-mobile-voiture-sans-ville.jpg","datePublished":"2023-10-13T08:08:33+00:00","dateModified":"2024-09-03T12:12:39+00:00","author":{"@id":"https:\/\/www.mobilize.com\/en\/#\/schema\/person\/a93605b60864cbcd69daeda0ee4ab8ab"},"breadcrumb":{"@id":"https:\/\/www.mobilize.com\/en\/wearemobilizers\/do-cars-still-belong-in-the-city\/#breadcrumb"},"inLanguage":"en-US","potentialAction":[{"@type":"ReadAction","target":["https:\/\/www.mobilize.com\/en\/wearemobilizers\/do-cars-still-belong-in-the-city\/"]}]},{"@type":"ImageObject","inLanguage":"en-US","@id":"https:\/\/www.mobilize.com\/en\/wearemobilizers\/do-cars-still-belong-in-the-city\/#primaryimage","url":"https:\/\/www.mobilize.com\/app\/uploads\/2023\/09\/banner-mobile-voiture-sans-ville.jpg","contentUrl":"https:\/\/www.mobilize.com\/app\/uploads\/2023\/09\/banner-mobile-voiture-sans-ville.jpg","width":800,"height":800},{"@type":"BreadcrumbList","@id":"https:\/\/www.mobilize.com\/en\/wearemobilizers\/do-cars-still-belong-in-the-city\/#breadcrumb","itemListElement":[{"@type":"ListItem","position":1,"name":"home","item":"https:\/\/www.mobilize.com\/en\/"},{"@type":"ListItem","position":2,"name":"#wearemobilizers","item":"https:\/\/www.mobilize.com\/en\/wearemobilizers\/"},{"@type":"ListItem","position":3,"name":"do cars still belong in the city?"}]},{"@type":"WebSite","@id":"https:\/\/www.mobilize.com\/en\/#website","url":"https:\/\/www.mobilize.com\/en\/","name":"Mobilize","description":"beyond automotive","potentialAction":[{"@type":"SearchAction","target":{"@type":"EntryPoint","urlTemplate":"https:\/\/www.mobilize.com\/en\/?s={search_term_string}"},"query-input":"required name=search_term_string"}],"inLanguage":"en-US"},{"@type":"Person","@id":"https:\/\/www.mobilize.com\/en\/#\/schema\/person\/a93605b60864cbcd69daeda0ee4ab8ab","name":"S\u00e9bastien Besan\u00e7on","url":"https:\/\/www.mobilize.com\/en\/author\/sebastien\/"}]}},"_links":{"self":[{"href":"https:\/\/www.mobilize.com\/en\/wp-json\/wp\/v2\/posts\/30507"}],"collection":[{"href":"https:\/\/www.mobilize.com\/en\/wp-json\/wp\/v2\/posts"}],"about":[{"href":"https:\/\/www.mobilize.com\/en\/wp-json\/wp\/v2\/types\/post"}],"author":[{"embeddable":true,"href":"https:\/\/www.mobilize.com\/en\/wp-json\/wp\/v2\/users\/14"}],"replies":[{"embeddable":true,"href":"https:\/\/www.mobilize.com\/en\/wp-json\/wp\/v2\/comments?post=30507"}],"version-history":[{"count":10,"href":"https:\/\/www.mobilize.com\/en\/wp-json\/wp\/v2\/posts\/30507\/revisions"}],"predecessor-version":[{"id":34868,"href":"https:\/\/www.mobilize.com\/en\/wp-json\/wp\/v2\/posts\/30507\/revisions\/34868"}],"up":[{"embeddable":true,"href":"https:\/\/www.mobilize.com\/en\/wp-json\/wp\/v2\/pages\/14971"}],"wp:featuredmedia":[{"embeddable":true,"href":"https:\/\/www.mobilize.com\/en\/wp-json\/wp\/v2\/media\/30454"}],"wp:attachment":[{"href":"https:\/\/www.mobilize.com\/en\/wp-json\/wp\/v2\/media?parent=30507"}],"wp:term":[{"taxonomy":"category","embeddable":true,"href":"https:\/\/www.mobilize.com\/en\/wp-json\/wp\/v2\/categories?post=30507"},{"taxonomy":"post_tag","embeddable":true,"href":"https:\/\/www.mobilize.com\/en\/wp-json\/wp\/v2\/tags?post=30507"}],"curies":[{"name":"wp","href":"https:\/\/api.w.org\/{rel}","templated":true}]}}